{"id":605,"date":"2021-12-04T07:53:31","date_gmt":"2021-12-04T07:53:31","guid":{"rendered":"http:\/\/www.gutes-restaurant.at\/kopfundkoerper01\/?p=605"},"modified":"2024-06-24T14:51:25","modified_gmt":"2024-06-24T14:51:25","slug":"impressum","status":"publish","type":"post","link":"https:\/\/www.kopfundkoerper.at\/index.php\/2021\/12\/04\/impressum\/","title":{"rendered":"Impressum &#038; AGB"},"content":{"rendered":"\n<h2 class=\"wp-block-heading\"><strong>IMPRESSUM<\/strong><\/h2>\n\n\n\n<p><strong>F\u00fcr den Inhalt verantwortlich:<\/strong>\u00a0Isabella Ziegler <a href=\"mailto:isabella@kopfundkoerper.at\">isabella@kopfundkoerper.at<\/a><\/p>\n\n\n\n<p>Rechtsform: Einzelunternehmer Mitglied der Wirtschaftskammer Burgenland, Fachgruppe Fu\u00dfpfleger, Kosmetiker und&nbsp; Masseure, eingeschr\u00e4nkt auf Shiatsu sowie Fachgruppe Lebens u. Sozialberatung&nbsp;Bezirksgericht Oberwart<br>Text, Konzeption, Design und Fotografie: Isabella Trimmel, Martin Neitz<br><a href=\"http:\/\/www.romanivivi.at\" data-type=\"URL\" data-id=\"www.romanivivi.at\">Website und CMS: Michael Ziegler<\/a><\/p>\n\n\n\n<p><strong>Nutzungsbedingungen<\/strong>&nbsp;&nbsp; Vervielf\u00e4ltigung bzw. Ver\u00f6ffentlichung der Inhalte dieser Homepage&nbsp; (auch teilweise) ohne schriftliche Zustimmung verboten<\/p>\n\n\n\n<p><strong>Urheberrecht<\/strong>&nbsp;\u00a9 Isabella Trimmel, Michael Ziegler, Martin Neitz&nbsp;&nbsp;&nbsp; Alle Texte,&nbsp;Bilder und Grafiken sowie ihre Arrangements unterliegen dem Urheberrecht&nbsp;und anderen Gesetzen zum Schutz geistigen Eigentums. Sie d\u00fcrfen weder kopiert, noch ver\u00e4ndert, noch auf anderen Websites oder Printmedien ohne schriftliche Genehmigung von Isabella Trimmel verwendet werden. \u00a9 Alle Fotos von Martin Neitz.<\/p>\n\n\n\n<p><strong>Haftung Website<\/strong>&nbsp;Diese Website wurde mit gr\u00f6\u00dftm\u00f6glicher Sorgfalt zusammengestellt. Eine Gew\u00e4hr f\u00fcr die Fehlerfreiheit der enthaltenen Inhalte und Informationen kann dennoch nicht \u00fcbernommen werden. Daher wird Ihnen diese Website ohne eine ausdr\u00fcckliche Haftung seitens des oben genannten Anbieters zur Verf\u00fcgung gestellt. Wir behalten uns des Weiteren das Recht vor, \u00c4nderungen oder Erg\u00e4nzungen der bereitgestellten Informationen vorzunehmen. Zudem wird jegliche Haftung f\u00fcr Sch\u00e4den, die direkt oder indirekt aus der Benutzung dieser Website entstehen, ausgeschlossen, soweit diese nicht auf Vorsatz oder grober Fahrl\u00e4ssigkeit des Betreibers beruhen.<\/p>\n\n\n\n<p><strong>Haftungsausschluss<\/strong>&nbsp;Die Website kann Hyperlinks zu anderen Websites enthalten. Eine Haftung oder Garantie f\u00fcr die Aktualit\u00e4t, Richtigkeit und Vollst\u00e4ndigkeit der Informationen, die in solchen Links oder anderen Websites enthalten sind, ist ausgeschlossen. Bei dem Inhalt der verlinkten Seiten handelt es sich um fremde Inhalte, die von Isabella Trimmel weder ausgew\u00e4hlt noch ver\u00e4ndert wurden. Der Zugriff auf solche Websites erfolgt auf eigene Gefahr.<\/p>\n","protected":false},"excerpt":{"rendered":"<p>IMPRESSUM F\u00fcr den Inhalt verantwortlich:\u00a0Isabella Ziegler isabella@kopfundkoerper.at Rechtsform: Einzelunternehmer Mitglied der Wirtschaftskammer Burgenland, Fachgruppe Fu\u00dfpfleger, Kosmetiker und&nbsp; Masseure, eingeschr\u00e4nkt auf Shiatsu sowie Fachgruppe Lebens u. Sozialberatung&nbsp;Bezirksgericht OberwartText, Konzeption, Design und Fotografie: Isabella Trimmel, Martin NeitzWebsite und CMS: Michael Ziegler Nutzungsbedingungen&nbsp;&nbsp; Vervielf\u00e4ltigung bzw. Ver\u00f6ffentlichung der Inhalte dieser Homepage&nbsp; (auch teilweise) ohne schriftliche Zustimmung verboten Urheberrecht&nbsp;\u00a9 Isabella [&hellip;]<\/p>\n","protected":false},"author":1,"featured_media":0,"comment_status":"open","ping_status":"open","sticky":false,"template":"","format":"standard","meta":{"footnotes":""},"categories":[1],"tags":[],"class_list":["post-605","post","type-post","status-publish","format-standard","hentry","category-uncategorized"],"yoast_head":"<!-- This site is optimized with the Yoast SEO plugin v26.3 - https:\/\/yoast.com\/wordpress\/plugins\/seo\/ -->\n<title>Impressum &amp; AGB - Kopf und K&ouml;rper<\/title>\n<meta name=\"robots\" content=\"index, follow, max-snippet:-1, max-image-preview:large, max-video-preview:-1\" \/>\n<link rel=\"canonical\" href=\"https:\/\/www.kopfundkoerper.at\/index.php\/2021\/12\/04\/impressum\/\" \/>\n<meta property=\"og:locale\" content=\"de_DE\" \/>\n<meta property=\"og:type\" content=\"article\" \/>\n<meta property=\"og:title\" content=\"Impressum &amp; AGB - Kopf und K&ouml;rper\" \/>\n<meta property=\"og:description\" content=\"IMPRESSUM F\u00fcr den Inhalt verantwortlich:\u00a0Isabella Ziegler isabella@kopfundkoerper.at Rechtsform: Einzelunternehmer Mitglied der Wirtschaftskammer Burgenland, Fachgruppe Fu\u00dfpfleger, Kosmetiker und&nbsp; Masseure, eingeschr\u00e4nkt auf Shiatsu sowie Fachgruppe Lebens u. Sozialberatung&nbsp;Bezirksgericht OberwartText, Konzeption, Design und Fotografie: Isabella Trimmel, Martin NeitzWebsite und CMS: Michael Ziegler Nutzungsbedingungen&nbsp;&nbsp; Vervielf\u00e4ltigung bzw. Ver\u00f6ffentlichung der Inhalte dieser Homepage&nbsp; (auch teilweise) ohne schriftliche Zustimmung verboten Urheberrecht&nbsp;\u00a9 Isabella [&hellip;]\" \/>\n<meta property=\"og:url\" content=\"https:\/\/www.kopfundkoerper.at\/index.php\/2021\/12\/04\/impressum\/\" \/>\n<meta property=\"og:site_name\" content=\"Kopf und K&ouml;rper\" \/>\n<meta property=\"article:published_time\" content=\"2021-12-04T07:53:31+00:00\" \/>\n<meta property=\"article:modified_time\" content=\"2024-06-24T14:51:25+00:00\" \/>\n<meta name=\"author\" content=\"admin\" \/>\n<meta name=\"twitter:card\" content=\"summary_large_image\" \/>\n<meta name=\"twitter:label1\" content=\"Verfasst von\" \/>\n\t<meta name=\"twitter:data1\" content=\"\" \/>\n\t<meta name=\"twitter:label2\" content=\"Gesch\u00e4tzte Lesezeit\" \/>\n\t<meta name=\"twitter:data2\" content=\"2\u00a0Minuten\" \/>\n<script type=\"application\/ld+json\" class=\"yoast-schema-graph\">{\"@context\":\"https:\/\/schema.org\",\"@graph\":[{\"@type\":\"Article\",\"@id\":\"https:\/\/www.kopfundkoerper.at\/index.php\/2021\/12\/04\/impressum\/#article\",\"isPartOf\":{\"@id\":\"https:\/\/www.kopfundkoerper.at\/index.php\/2021\/12\/04\/impressum\/\"},\"author\":{\"name\":\"admin\",\"@id\":\"https:\/\/www.kopfundkoerper.at\/#\/schema\/person\/f51e8c6916949efedfe105574556e480\"},\"headline\":\"Impressum &#038; AGB\",\"datePublished\":\"2021-12-04T07:53:31+00:00\",\"dateModified\":\"2024-06-24T14:51:25+00:00\",\"mainEntityOfPage\":{\"@id\":\"https:\/\/www.kopfundkoerper.at\/index.php\/2021\/12\/04\/impressum\/\"},\"wordCount\":291,\"commentCount\":0,\"publisher\":{\"@id\":\"https:\/\/www.kopfundkoerper.at\/#organization\"},\"articleSection\":[\"Uncategorized\"],\"inLanguage\":\"de\",\"potentialAction\":[{\"@type\":\"CommentAction\",\"name\":\"Comment\",\"target\":[\"https:\/\/www.kopfundkoerper.at\/index.php\/2021\/12\/04\/impressum\/#respond\"]}]},{\"@type\":\"WebPage\",\"@id\":\"https:\/\/www.kopfundkoerper.at\/index.php\/2021\/12\/04\/impressum\/\",\"url\":\"https:\/\/www.kopfundkoerper.at\/index.php\/2021\/12\/04\/impressum\/\",\"name\":\"Impressum & AGB - Kopf und K&ouml;rper\",\"isPartOf\":{\"@id\":\"https:\/\/www.kopfundkoerper.at\/#website\"},\"datePublished\":\"2021-12-04T07:53:31+00:00\",\"dateModified\":\"2024-06-24T14:51:25+00:00\",\"breadcrumb\":{\"@id\":\"https:\/\/www.kopfundkoerper.at\/index.php\/2021\/12\/04\/impressum\/#breadcrumb\"},\"inLanguage\":\"de\",\"potentialAction\":[{\"@type\":\"ReadAction\",\"target\":[\"https:\/\/www.kopfundkoerper.at\/index.php\/2021\/12\/04\/impressum\/\"]}]},{\"@type\":\"BreadcrumbList\",\"@id\":\"https:\/\/www.kopfundkoerper.at\/index.php\/2021\/12\/04\/impressum\/#breadcrumb\",\"itemListElement\":[{\"@type\":\"ListItem\",\"position\":1,\"name\":\"Startseite\",\"item\":\"https:\/\/www.kopfundkoerper.at\/\"},{\"@type\":\"ListItem\",\"position\":2,\"name\":\"Impressum &#038; AGB\"}]},{\"@type\":\"WebSite\",\"@id\":\"https:\/\/www.kopfundkoerper.at\/#website\",\"url\":\"https:\/\/www.kopfundkoerper.at\/\",\"name\":\"Kopf und K&ouml;rper\",\"description\":\"Shiatsu, Yoga, Lomi Lomi Nui und mehr....\",\"publisher\":{\"@id\":\"https:\/\/www.kopfundkoerper.at\/#organization\"},\"potentialAction\":[{\"@type\":\"SearchAction\",\"target\":{\"@type\":\"EntryPoint\",\"urlTemplate\":\"https:\/\/www.kopfundkoerper.at\/?s={search_term_string}\"},\"query-input\":{\"@type\":\"PropertyValueSpecification\",\"valueRequired\":true,\"valueName\":\"search_term_string\"}}],\"inLanguage\":\"de\"},{\"@type\":\"Organization\",\"@id\":\"https:\/\/www.kopfundkoerper.at\/#organization\",\"name\":\"Kopf und K&ouml;rper\",\"url\":\"https:\/\/www.kopfundkoerper.at\/\",\"logo\":{\"@type\":\"ImageObject\",\"inLanguage\":\"de\",\"@id\":\"https:\/\/www.kopfundkoerper.at\/#\/schema\/logo\/image\/\",\"url\":\"https:\/\/www.kopfundkoerper.at\/wp-content\/uploads\/2023\/07\/cropped-cropped-Logo-512_ziegler-1.png\",\"contentUrl\":\"https:\/\/www.kopfundkoerper.at\/wp-content\/uploads\/2023\/07\/cropped-cropped-Logo-512_ziegler-1.png\",\"width\":501,\"height\":274,\"caption\":\"Kopf und K&ouml;rper\"},\"image\":{\"@id\":\"https:\/\/www.kopfundkoerper.at\/#\/schema\/logo\/image\/\"}},{\"@type\":\"Person\",\"@id\":\"https:\/\/www.kopfundkoerper.at\/#\/schema\/person\/f51e8c6916949efedfe105574556e480\",\"name\":\"admin\",\"image\":{\"@type\":\"ImageObject\",\"inLanguage\":\"de\",\"@id\":\"https:\/\/www.kopfundkoerper.at\/#\/schema\/person\/image\/\",\"url\":\"https:\/\/secure.gravatar.com\/avatar\/afff9da06645d759735b5c75a9537ae9433e26e0679b302ea70791fd3b706947?s=96&d=mm&r=g\",\"contentUrl\":\"https:\/\/secure.gravatar.com\/avatar\/afff9da06645d759735b5c75a9537ae9433e26e0679b302ea70791fd3b706947?s=96&d=mm&r=g\",\"caption\":\"admin\"},\"sameAs\":[\"https:\/\/www.kopfundkoerper.at\"],\"url\":\"https:\/\/www.kopfundkoerper.at\/index.php\/author\/admin\/\"}]}<\/script>\n<!-- \/ Yoast SEO plugin. -->","yoast_head_json":{"title":"Impressum & AGB - Kopf und K&ouml;rper","robots":{"index":"index","follow":"follow","max-snippet":"max-snippet:-1","max-image-preview":"max-image-preview:large","max-video-preview":"max-video-preview:-1"},"canonical":"https:\/\/www.kopfundkoerper.at\/index.php\/2021\/12\/04\/impressum\/","og_locale":"de_DE","og_type":"article","og_title":"Impressum & AGB - Kopf und K&ouml;rper","og_description":"IMPRESSUM F\u00fcr den Inhalt verantwortlich:\u00a0Isabella Ziegler isabella@kopfundkoerper.at Rechtsform: Einzelunternehmer Mitglied der Wirtschaftskammer Burgenland, Fachgruppe Fu\u00dfpfleger, Kosmetiker und&nbsp; Masseure, eingeschr\u00e4nkt auf Shiatsu sowie Fachgruppe Lebens u. Sozialberatung&nbsp;Bezirksgericht OberwartText, Konzeption, Design und Fotografie: Isabella Trimmel, Martin NeitzWebsite und CMS: Michael Ziegler Nutzungsbedingungen&nbsp;&nbsp; Vervielf\u00e4ltigung bzw. Ver\u00f6ffentlichung der Inhalte dieser Homepage&nbsp; (auch teilweise) ohne schriftliche Zustimmung verboten Urheberrecht&nbsp;\u00a9 Isabella [&hellip;]","og_url":"https:\/\/www.kopfundkoerper.at\/index.php\/2021\/12\/04\/impressum\/","og_site_name":"Kopf und K&ouml;rper","article_published_time":"2021-12-04T07:53:31+00:00","article_modified_time":"2024-06-24T14:51:25+00:00","author":"admin","twitter_card":"summary_large_image","twitter_misc":{"Verfasst von":false,"Gesch\u00e4tzte Lesezeit":"2\u00a0Minuten"},"schema":{"@context":"https:\/\/schema.org","@graph":[{"@type":"Article","@id":"https:\/\/www.kopfundkoerper.at\/index.php\/2021\/12\/04\/impressum\/#article","isPartOf":{"@id":"https:\/\/www.kopfundkoerper.at\/index.php\/2021\/12\/04\/impressum\/"},"author":{"name":"admin","@id":"https:\/\/www.kopfundkoerper.at\/#\/schema\/person\/f51e8c6916949efedfe105574556e480"},"headline":"Impressum &#038; AGB","datePublished":"2021-12-04T07:53:31+00:00","dateModified":"2024-06-24T14:51:25+00:00","mainEntityOfPage":{"@id":"https:\/\/www.kopfundkoerper.at\/index.php\/2021\/12\/04\/impressum\/"},"wordCount":291,"commentCount":0,"publisher":{"@id":"https:\/\/www.kopfundkoerper.at\/#organization"},"articleSection":["Uncategorized"],"inLanguage":"de","potentialAction":[{"@type":"CommentAction","name":"Comment","target":["https:\/\/www.kopfundkoerper.at\/index.php\/2021\/12\/04\/impressum\/#respond"]}]},{"@type":"WebPage","@id":"https:\/\/www.kopfundkoerper.at\/index.php\/2021\/12\/04\/impressum\/","url":"https:\/\/www.kopfundkoerper.at\/index.php\/2021\/12\/04\/impressum\/","name":"Impressum & AGB - Kopf und K&ouml;rper","isPartOf":{"@id":"https:\/\/www.kopfundkoerper.at\/#website"},"datePublished":"2021-12-04T07:53:31+00:00","dateModified":"2024-06-24T14:51:25+00:00","breadcrumb":{"@id":"https:\/\/www.kopfundkoerper.at\/index.php\/2021\/12\/04\/impressum\/#breadcrumb"},"inLanguage":"de","potentialAction":[{"@type":"ReadAction","target":["https:\/\/www.kopfundkoerper.at\/index.php\/2021\/12\/04\/impressum\/"]}]},{"@type":"BreadcrumbList","@id":"https:\/\/www.kopfundkoerper.at\/index.php\/2021\/12\/04\/impressum\/#breadcrumb","itemListElement":[{"@type":"ListItem","position":1,"name":"Startseite","item":"https:\/\/www.kopfundkoerper.at\/"},{"@type":"ListItem","position":2,"name":"Impressum &#038; AGB"}]},{"@type":"WebSite","@id":"https:\/\/www.kopfundkoerper.at\/#website","url":"https:\/\/www.kopfundkoerper.at\/","name":"Kopf und K&ouml;rper","description":"Shiatsu, Yoga, Lomi Lomi Nui und mehr....","publisher":{"@id":"https:\/\/www.kopfundkoerper.at\/#organization"},"potentialAction":[{"@type":"SearchAction","target":{"@type":"EntryPoint","urlTemplate":"https:\/\/www.kopfundkoerper.at\/?s={search_term_string}"},"query-input":{"@type":"PropertyValueSpecification","valueRequired":true,"valueName":"search_term_string"}}],"inLanguage":"de"},{"@type":"Organization","@id":"https:\/\/www.kopfundkoerper.at\/#organization","name":"Kopf und K&ouml;rper","url":"https:\/\/www.kopfundkoerper.at\/","logo":{"@type":"ImageObject","inLanguage":"de","@id":"https:\/\/www.kopfundkoerper.at\/#\/schema\/logo\/image\/","url":"https:\/\/www.kopfundkoerper.at\/wp-content\/uploads\/2023\/07\/cropped-cropped-Logo-512_ziegler-1.png","contentUrl":"https:\/\/www.kopfundkoerper.at\/wp-content\/uploads\/2023\/07\/cropped-cropped-Logo-512_ziegler-1.png","width":501,"height":274,"caption":"Kopf und K&ouml;rper"},"image":{"@id":"https:\/\/www.kopfundkoerper.at\/#\/schema\/logo\/image\/"}},{"@type":"Person","@id":"https:\/\/www.kopfundkoerper.at\/#\/schema\/person\/f51e8c6916949efedfe105574556e480","name":"admin","image":{"@type":"ImageObject","inLanguage":"de","@id":"https:\/\/www.kopfundkoerper.at\/#\/schema\/person\/image\/","url":"https:\/\/secure.gravatar.com\/avatar\/afff9da06645d759735b5c75a9537ae9433e26e0679b302ea70791fd3b706947?s=96&d=mm&r=g","contentUrl":"https:\/\/secure.gravatar.com\/avatar\/afff9da06645d759735b5c75a9537ae9433e26e0679b302ea70791fd3b706947?s=96&d=mm&r=g","caption":"admin"},"sameAs":["https:\/\/www.kopfundkoerper.at"],"url":"https:\/\/www.kopfundkoerper.at\/index.php\/author\/admin\/"}]}},"_links":{"self":[{"href":"https:\/\/www.kopfundkoerper.at\/index.php\/wp-json\/wp\/v2\/posts\/605","targetHints":{"allow":["GET"]}}],"collection":[{"href":"https:\/\/www.kopfundkoerper.at\/index.php\/wp-json\/wp\/v2\/posts"}],"about":[{"href":"https:\/\/www.kopfundkoerper.at\/index.php\/wp-json\/wp\/v2\/types\/post"}],"author":[{"embeddable":true,"href":"https:\/\/www.kopfundkoerper.at\/index.php\/wp-json\/wp\/v2\/users\/1"}],"replies":[{"embeddable":true,"href":"https:\/\/www.kopfundkoerper.at\/index.php\/wp-json\/wp\/v2\/comments?post=605"}],"version-history":[{"count":3,"href":"https:\/\/www.kopfundkoerper.at\/index.php\/wp-json\/wp\/v2\/posts\/605\/revisions"}],"predecessor-version":[{"id":1634,"href":"https:\/\/www.kopfundkoerper.at\/index.php\/wp-json\/wp\/v2\/posts\/605\/revisions\/1634"}],"wp:attachment":[{"href":"https:\/\/www.kopfundkoerper.at\/index.php\/wp-json\/wp\/v2\/media?parent=605"}],"wp:term":[{"taxonomy":"category","embeddable":true,"href":"https:\/\/www.kopfundkoerper.at\/index.php\/wp-json\/wp\/v2\/categories?post=605"},{"taxonomy":"post_tag","embeddable":true,"href":"https:\/\/www.kopfundkoerper.at\/index.php\/wp-json\/wp\/v2\/tags?post=605"}],"curies":[{"name":"wp","href":"https:\/\/api.w.org\/{rel}","templated":true}]}}